{"id":1394,"date":"2021-08-29T16:19:35","date_gmt":"2021-08-29T15:19:35","guid":{"rendered":"https:\/\/enikam.neznano.com\/?p=1394"},"modified":"2024-04-04T10:21:13","modified_gmt":"2024-04-04T10:21:13","slug":"dermatite","status":"publish","type":"post","link":"https:\/\/enikam.com\/it\/problemi-della-pelle\/dermatite\/","title":{"rendered":"Dermatitie"},"content":{"rendered":"\t\t<div data-elementor-type=\"wp-post\" data-elementor-id=\"1394\" class=\"elementor elementor-1394\">\n\t\t\t\t\t\t<section class=\"has_eae_slider elementor-section elementor-top-section elementor-element elementor-element-28eedfe elementor-section-full_width elementor-section-height-default elementor-section-height-default\" data-id=\"28eedfe\" data-element_type=\"section\">\n\t\t\t\t\t\t<div class=\"elementor-container elementor-column-gap-no\">\n\t\t\t\t\t<div class=\"has_eae_slider elementor-column elementor-col-33 elementor-top-column elementor-element elementor-element-87a58aa elementor-hidden-tablet elementor-hidden-mobile\" data-id=\"87a58aa\" data-element_type=\"column\">\n\t\t\t<div class=\"elementor-widget-wrap elementor-element-populated\">\n\t\t\t\t\t\t<div class=\"elementor-element elementor-element-e1abaa2 elementor-widget elementor-widget-heading\" data-id=\"e1abaa2\" data-element_type=\"widget\" data-widget_type=\"heading.default\">\n\t\t\t\t<div class=\"elementor-widget-container\">\n\t\t\t<style>\/*! elementor - v3.21.0 - 26-05-2024 *\/\n.elementor-heading-title{padding:0;margin:0;line-height:1}.elementor-widget-heading .elementor-heading-title[class*=elementor-size-]>a{color:inherit;font-size:inherit;line-height:inherit}.elementor-widget-heading .elementor-heading-title.elementor-size-small{font-size:15px}.elementor-widget-heading .elementor-heading-title.elementor-size-medium{font-size:19px}.elementor-widget-heading .elementor-heading-title.elementor-size-large{font-size:29px}.elementor-widget-heading .elementor-heading-title.elementor-size-xl{font-size:39px}.elementor-widget-heading .elementor-heading-title.elementor-size-xxl{font-size:59px}<\/style><h2 class=\"elementor-heading-title elementor-size-default\">PROBLEMI DELLA PELLE<\/h2>\t\t<\/div>\n\t\t\t\t<\/div>\n\t\t\t\t<div class=\"elementor-element elementor-element-a7cf549 elementor-widget elementor-widget-text-editor\" data-id=\"a7cf549\" data-element_type=\"widget\" data-widget_type=\"text-editor.default\">\n\t\t\t\t<div class=\"elementor-widget-container\">\n\t\t\t<style>\/*! elementor - v3.21.0 - 26-05-2024 *\/\n.elementor-widget-text-editor.elementor-drop-cap-view-stacked .elementor-drop-cap{background-color:#69727d;color:#fff}.elementor-widget-text-editor.elementor-drop-cap-view-framed .elementor-drop-cap{color:#69727d;border:3px solid;background-color:transparent}.elementor-widget-text-editor:not(.elementor-drop-cap-view-default) .elementor-drop-cap{margin-top:8px}.elementor-widget-text-editor:not(.elementor-drop-cap-view-default) .elementor-drop-cap-letter{width:1em;height:1em}.elementor-widget-text-editor .elementor-drop-cap{float:left;text-align:center;line-height:1;font-size:50px}.elementor-widget-text-editor .elementor-drop-cap-letter{display:inline-block}<\/style>\t\t\t\t<blockquote>\n<p><a href=\"https:\/\/enikam.com\/it\/problemi-della-pelle\/acne\/\">Acne<\/a><\/p>\n<p><a href=\"https:\/\/enikam.com\/it\/problemi-della-pelle\/abrasioni-graffi\/\">Abrasioni, graffi<\/a><\/p>\n<p><a href=\"https:\/\/enikam.com\/it\/problemi-della-pelle\/eczema\/\">Eczema&nbsp;<\/a><\/p>\n<p><strong><a href=\"https:\/\/enikam.com\/it\/problemi-della-pelle\/dermatite\/\">Dermatite<\/a><\/strong><\/p>\n<p><a href=\"https:\/\/enikam.com\/it\/problemi-della-pelle\/ragadi-o-fessure\/\">Ragadi o fessure<\/a><\/p>\n<p><a href=\"https:\/\/enikam.com\/it\/problemi-della-pelle\/verruche\/\">Verruche<\/a><\/p>\n<p><a href=\"https:\/\/enikam.com\/it\/problemi-della-pelle\/psoriasi\/\">Psoriasi<\/a><\/p>\n<p><a href=\"https:\/\/enikam.com\/it\/problemi-della-pelle\/herpes-labiale\/\">Herpes labiale<\/a><\/p>\n<p><a href=\"https:\/\/enikam.com\/it\/problemi-della-pelle\/punture-di-insetti\/\">Punture di insetti<\/a><\/p>\n<p><a href=\"https:\/\/enikam.com\/it\/problemi-della-pelle\/pelle-irritata\/\">Pelle irritata<\/a><\/p>\n<p><a href=\"https:\/\/enikam.com\/it\/problemi-della-pelle\/orticaria\/\">Orticaria<\/a><\/p><p><a href=\"https:\/\/enikam.com\/it\/problemi-della-pelle\/calli-e-occhi-di-pernice\/\">Calli e occhi di pernice<\/a><br><\/p>\n<\/blockquote>\t\t\t\t\t\t<\/div>\n\t\t\t\t<\/div>\n\t\t\t\t\t<\/div>\n\t\t<\/div>\n\t\t\t\t<div class=\"has_eae_slider elementor-column elementor-col-33 elementor-top-column elementor-element elementor-element-b2f54b1\" data-id=\"b2f54b1\" data-element_type=\"column\" data-settings=\"{&quot;background_background&quot;:&quot;classic&quot;}\">\n\t\t\t<div class=\"elementor-widget-wrap elementor-element-populated\">\n\t\t\t\t\t\t<div class=\"elementor-element elementor-element-ae6e8ab elementor-widget elementor-widget-heading\" data-id=\"ae6e8ab\" data-element_type=\"widget\" data-widget_type=\"heading.default\">\n\t\t\t\t<div class=\"elementor-widget-container\">\n\t\t\t<h2 class=\"elementor-heading-title elementor-size-default\">DERMATITE<\/h2>\t\t<\/div>\n\t\t\t\t<\/div>\n\t\t\t\t<div class=\"elementor-element elementor-element-2ba3b66 elementor-widget elementor-widget-heading\" data-id=\"2ba3b66\" data-element_type=\"widget\" data-widget_type=\"heading.default\">\n\t\t\t\t<div class=\"elementor-widget-container\">\n\t\t\t<h2 class=\"elementor-heading-title elementor-size-default\">CHE COS\u2019\u00c8 LA DERMATITE? <\/h2>\t\t<\/div>\n\t\t\t\t<\/div>\n\t\t\t\t<section class=\"has_eae_slider elementor-section elementor-inner-section elementor-element elementor-element-8d645a1 elementor-section-boxed elementor-section-height-default elementor-section-height-default\" data-id=\"8d645a1\" data-element_type=\"section\">\n\t\t\t\t\t\t<div class=\"elementor-container elementor-column-gap-default\">\n\t\t\t\t\t<div class=\"has_eae_slider elementor-column elementor-col-50 elementor-inner-column elementor-element elementor-element-afbb661\" data-id=\"afbb661\" data-element_type=\"column\">\n\t\t\t<div class=\"elementor-widget-wrap elementor-element-populated\">\n\t\t\t\t\t\t<div class=\"elementor-element elementor-element-9cebed7 elementor-widget elementor-widget-text-editor\" data-id=\"9cebed7\" data-element_type=\"widget\" data-widget_type=\"text-editor.default\">\n\t\t\t\t<div class=\"elementor-widget-container\">\n\t\t\t\t\t\t\t<p>La dermatite \u00e8 un termine generico che si riferisce all\u2019infiammazione della pelle. Pu\u00f2 avere cause e forme diverse. Tendenzialmente \u00e8 accompagnata da pelle secca, pruriginosa e arrossata, e da gonfiore ed eruzioni cutanee. In caso di dermatite di breve durata, la pelle pu\u00f2 presentare bollicine, mentre una dermatite prolungata pu\u00f2 causare la formazione di papule piatte e lo sviluppo di lichenificazione. Tra i vari tipi di dermatite rientrano: la dermatite atopica, la dermatite allergica da contatto, la dermatite irritativa da contatto, la dermatite seborroica, la dermatite da stasi, la dermatite nummulare.<\/p>\t\t\t\t\t\t<\/div>\n\t\t\t\t<\/div>\n\t\t\t\t\t<\/div>\n\t\t<\/div>\n\t\t\t\t<div class=\"has_eae_slider elementor-column elementor-col-50 elementor-inner-column elementor-element elementor-element-591145c\" data-id=\"591145c\" data-element_type=\"column\">\n\t\t\t<div class=\"elementor-widget-wrap elementor-element-populated\">\n\t\t\t\t\t\t<div class=\"elementor-element elementor-element-55b558e elementor-widget elementor-widget-image\" data-id=\"55b558e\" data-element_type=\"widget\" data-widget_type=\"image.default\">\n\t\t\t\t<div class=\"elementor-widget-container\">\n\t\t\t<style>\/*! elementor - v3.21.0 - 26-05-2024 *\/\n.elementor-widget-image{text-align:center}.elementor-widget-image a{display:inline-block}.elementor-widget-image a img[src$=\".svg\"]{width:48px}.elementor-widget-image img{vertical-align:middle;display:inline-block}<\/style>\t\t\t\t\t\t\t\t\t\t<img fetchpriority=\"high\" decoding=\"async\" width=\"600\" height=\"400\" src=\"https:\/\/enikam.com\/it\/wp-content\/uploads\/sites\/3\/2021\/08\/dermatitis2.jpg\" class=\"attachment-large size-large wp-image-5058\" alt=\"\" srcset=\"https:\/\/enikam.com\/it\/wp-content\/uploads\/sites\/3\/2021\/08\/dermatitis2.jpg 600w, https:\/\/enikam.com\/it\/wp-content\/uploads\/sites\/3\/2021\/08\/dermatitis2-300x200.jpg 300w, https:\/\/enikam.com\/it\/wp-content\/uploads\/sites\/3\/2021\/08\/dermatitis2-24x16.jpg 24w, https:\/\/enikam.com\/it\/wp-content\/uploads\/sites\/3\/2021\/08\/dermatitis2-36x24.jpg 36w, https:\/\/enikam.com\/it\/wp-content\/uploads\/sites\/3\/2021\/08\/dermatitis2-48x32.jpg 48w\" sizes=\"(max-width: 600px) 100vw, 600px\" \/>\t\t\t\t\t\t\t\t\t\t\t\t\t<\/div>\n\t\t\t\t<\/div>\n\t\t\t\t\t<\/div>\n\t\t<\/div>\n\t\t\t\t\t<\/div>\n\t\t<\/section>\n\t\t\t\t<div class=\"elementor-element elementor-element-23630e2 elementor-widget elementor-widget-heading\" data-id=\"23630e2\" data-element_type=\"widget\" data-widget_type=\"heading.default\">\n\t\t\t\t<div class=\"elementor-widget-container\">\n\t\t\t<h2 class=\"elementor-heading-title elementor-size-default\">QUALI SINTOMI SONO I PI\u00d9 FREQUENTI IN CASO DI DERMATITE E COME SI MANIFESTA? <\/h2>\t\t<\/div>\n\t\t\t\t<\/div>\n\t\t\t\t<section class=\"has_eae_slider elementor-section elementor-inner-section elementor-element elementor-element-79d3e58 elementor-section-boxed elementor-section-height-default elementor-section-height-default\" data-id=\"79d3e58\" data-element_type=\"section\">\n\t\t\t\t\t\t<div class=\"elementor-container elementor-column-gap-default\">\n\t\t\t\t\t<div class=\"has_eae_slider elementor-column elementor-col-100 elementor-inner-column elementor-element elementor-element-c105453\" data-id=\"c105453\" data-element_type=\"column\">\n\t\t\t<div class=\"elementor-widget-wrap elementor-element-populated\">\n\t\t\t\t\t\t<div class=\"elementor-element elementor-element-e74a76b elementor-widget elementor-widget-text-editor\" data-id=\"e74a76b\" data-element_type=\"widget\" data-widget_type=\"text-editor.default\">\n\t\t\t\t<div class=\"elementor-widget-container\">\n\t\t\t\t\t\t\t<p>Ogni forma di dermatite \u00e8 leggermente diversa dalle altre e pu\u00f2 manifestarsi su aree diverse del corpo. Viene accertata in base all\u2019anamnesi della persona affetta (stabilendo il percorso della patologia) e all\u2019area del corpo colpita.<\/p><p>Alcune tra le forme di dermatite pi\u00f9 frequenti:<\/p><ul><li>In caso di <strong>dermatite atopica<\/strong>, i focolai si sviluppano sulla fronte, sul cuoio capelluto e sulle guancie del bambino. I sintomi si possono allargare alle spalle e agli arti. L\u2019infiammazione si manifesta sotto forma di macchie rosse, coperte da piccole bolle. I sintomi presentati dai bambini di et\u00e0 scolare includono pelle indurita, squamata ed arrossata, nella maggior parte dei casi nelle aree pieghevoli del corpo quali gomiti e ginocchia, e nella parte anteriore del collo. Quando colpisce gli adulti, le infiammazioni si sviluppano sul viso, sul collo, sul cuoio capelluto, sul torace e alle piegature degli arti. I sintomi della dermatite atopica possono attenuarsi e riapparire dopo un certo periodo. Secondo studi recenti, sono 40.000 gli italiani colpiti da dermatite atopica, con un\u2019incidenza tra i bambini pari all\u20198% della popolazione (la pi\u00f9 alta in Europa). La dermatite atopica tende ad essere pi\u00f9 frequente tra i bambini maschi.<\/li><\/ul>\t\t\t\t\t\t<\/div>\n\t\t\t\t<\/div>\n\t\t\t\t<div class=\"elementor-element elementor-element-7ca9c7a elementor-widget elementor-widget-image\" data-id=\"7ca9c7a\" data-element_type=\"widget\" data-widget_type=\"image.default\">\n\t\t\t\t<div class=\"elementor-widget-container\">\n\t\t\t\t\t\t\t\t\t\t\t\t\t<img decoding=\"async\" width=\"400\" height=\"250\" src=\"https:\/\/enikam.com\/it\/wp-content\/uploads\/sites\/3\/2021\/08\/atopijski-dermatitis-pj6w69xgrdwr0mditd2ui8wktjy9sknnog9i45ix8k.jpg\" class=\"attachment-large size-large wp-image-5059\" alt=\"\" srcset=\"https:\/\/enikam.com\/it\/wp-content\/uploads\/sites\/3\/2021\/08\/atopijski-dermatitis-pj6w69xgrdwr0mditd2ui8wktjy9sknnog9i45ix8k.jpg 400w, https:\/\/enikam.com\/it\/wp-content\/uploads\/sites\/3\/2021\/08\/atopijski-dermatitis-pj6w69xgrdwr0mditd2ui8wktjy9sknnog9i45ix8k-300x188.jpg 300w, https:\/\/enikam.com\/it\/wp-content\/uploads\/sites\/3\/2021\/08\/atopijski-dermatitis-pj6w69xgrdwr0mditd2ui8wktjy9sknnog9i45ix8k-24x15.jpg 24w, https:\/\/enikam.com\/it\/wp-content\/uploads\/sites\/3\/2021\/08\/atopijski-dermatitis-pj6w69xgrdwr0mditd2ui8wktjy9sknnog9i45ix8k-36x23.jpg 36w, https:\/\/enikam.com\/it\/wp-content\/uploads\/sites\/3\/2021\/08\/atopijski-dermatitis-pj6w69xgrdwr0mditd2ui8wktjy9sknnog9i45ix8k-48x30.jpg 48w\" sizes=\"(max-width: 400px) 100vw, 400px\" \/>\t\t\t\t\t\t\t\t\t\t\t\t\t<\/div>\n\t\t\t\t<\/div>\n\t\t\t\t<div class=\"elementor-element elementor-element-9efb912 elementor-widget elementor-widget-text-editor\" data-id=\"9efb912\" data-element_type=\"widget\" data-widget_type=\"text-editor.default\">\n\t\t\t\t<div class=\"elementor-widget-container\">\n\t\t\t\t\t\t\t<ul><li><strong>Dermatite allergica da contatto.<\/strong> Questo tipo di dermatite \u00e8 causato da una reazione ipersensibile tardiva del sistema immunitario. La patologia si manifesta dopo che la pelle \u00e8 venuta a contatto con un allergene a cui era diventata sensibile in precedenza, ma l\u2019organismo reagisce eccessivamente alla sostanza solo dopo un contatto successivo. I sintomi che si sviluppano sulla pelle includono arrossamento e prurito e possono essere seguiti da piccole papule o bolle dure che rompendosi provocano l\u2019arrossamento della pelle, e su quelle aree si formano croste. Quando l\u2019infiammazione si allevia, la pelle pu\u00f2 iniziare a screpolarsi, dopodich\u00e9 inizia a guarire. Se la pelle continua a essere esposta a sostanze allergene, pu\u00f2 subentrare la fase cronica della patologia.<\/li><li><strong>Dermatite seborroica.<\/strong> Questo tipo di dermatite \u00e8 scaturito dall\u2019infiammazione delle ghiandole sebacee. Tendenzialmente si manifesta sotto forma di pelle secca e coperta da forfora, ossia con il cuoio cappelluto secco o grasso (forfora) accompagnato da prurito. Nei casi pi\u00f9 acuti si manifesta lungo la riga dei capelli, sulla parte bassa della fronte, dietro le orecchie, sulle orecchie, sul naso e nei solchi naso-genieni (o naso-labiali). Spesso si espande sul collo e la parte superiore del torace. La dermatite seborroica causa prurito, formicolio, giallore alla base dei capelli e sul volto. Nonostante il nome, la composizione e l\u2019escrezione di sebo (i grassi espulsi dalla pelle) sono normali. Non provoca la caduta dei capelli.<\/li><\/ul>\t\t\t\t\t\t<\/div>\n\t\t\t\t<\/div>\n\t\t\t\t\t<\/div>\n\t\t<\/div>\n\t\t\t\t\t<\/div>\n\t\t<\/section>\n\t\t\t\t<div class=\"elementor-element elementor-element-0597024 elementor-widget elementor-widget-heading\" data-id=\"0597024\" data-element_type=\"widget\" data-widget_type=\"heading.default\">\n\t\t\t\t<div class=\"elementor-widget-container\">\n\t\t\t<h2 class=\"elementor-heading-title elementor-size-default\">QUALI SONO I FATTORI SCATENANTI?<\/h2>\t\t<\/div>\n\t\t\t\t<\/div>\n\t\t\t\t<section class=\"has_eae_slider elementor-section elementor-inner-section elementor-element elementor-element-a7e7e88 elementor-section-boxed elementor-section-height-default elementor-section-height-default\" data-id=\"a7e7e88\" data-element_type=\"section\">\n\t\t\t\t\t\t<div class=\"elementor-container elementor-column-gap-default\">\n\t\t\t\t\t<div class=\"has_eae_slider elementor-column elementor-col-100 elementor-inner-column elementor-element elementor-element-ae8bfe1\" data-id=\"ae8bfe1\" data-element_type=\"column\">\n\t\t\t<div class=\"elementor-widget-wrap elementor-element-populated\">\n\t\t\t\t\t\t<div class=\"elementor-element elementor-element-46b4469 elementor-widget elementor-widget-text-editor\" data-id=\"46b4469\" data-element_type=\"widget\" data-widget_type=\"text-editor.default\">\n\t\t\t\t<div class=\"elementor-widget-container\">\n\t\t\t\t\t\t\t<div class=\"col-md-8 order-md-2 subpage-text\"><div class=\"col-md-8 order-md-2 subpage-text\"><div class=\"col-md-8 order-md-2 subpage-text\"><p>Diversi meccanismi scatenano diverse forme di dermatite. Pu\u00f2 trattarsi di allergeni, reazioni ipersensibili del corpo a sostanze chimiche, stress o fattori legati all\u2019alimentazione.<\/p><ul><li>La<strong> dermatite atopica<\/strong> \u00e8 pi\u00f9 frequente tra persone geneticamente pi\u00f9 soggette ad allergie (asma bronchiale, pollinosi, congiuntivite allergica, orticaria ecc.).<\/li><li>La <strong>dermatite allergica da contatto<\/strong> si manifesta nelle parti del corpo che sono state a contatto con sostanze che provocano reazioni allergiche. Pu\u00f2 trattarsi di oggetti di metallo (gioielli), detergenti, prodotti di cuoio o gomma (lattice) ecc.<\/li><li><strong>Dermatite seborroica.<\/strong> Nel caso di questa forma di dermatite, ha un ruolo rilevante lo stato dei microorganismi cutanei, come ad esempio la quantit\u00e0 nella flora cutanea di lieviti del tipo <em>Malassezia furfur<\/em>. Questo tipo di dermatosi \u00e8 particolarmente frequente tra chi soffre di patologie neurologiche (come la malattia di Parkinson) e persone affette da HIV. La sua incidenza e la sua estensione possono essere dettate anche da fattori genetici, da stress psichico o fisico e da condizioni climatiche. La dermatite seborroica pu\u00f2 precedere o accompagnare la psoriasi (seboriasi).<\/li><\/ul><\/div><\/div><\/div>\t\t\t\t\t\t<\/div>\n\t\t\t\t<\/div>\n\t\t\t\t\t<\/div>\n\t\t<\/div>\n\t\t\t\t\t<\/div>\n\t\t<\/section>\n\t\t\t\t<div class=\"elementor-element elementor-element-6e6b370 elementor-widget elementor-widget-heading\" data-id=\"6e6b370\" data-element_type=\"widget\" data-widget_type=\"heading.default\">\n\t\t\t\t<div class=\"elementor-widget-container\">\n\t\t\t<h2 class=\"elementor-heading-title elementor-size-default\">CONTAGIOSIT\u00c0 E TRASMISSIONE?<\/h2>\t\t<\/div>\n\t\t\t\t<\/div>\n\t\t\t\t<section class=\"has_eae_slider elementor-section elementor-inner-section elementor-element elementor-element-0910072 elementor-section-boxed elementor-section-height-default elementor-section-height-default\" data-id=\"0910072\" data-element_type=\"section\">\n\t\t\t\t\t\t<div class=\"elementor-container elementor-column-gap-default\">\n\t\t\t\t\t<div class=\"has_eae_slider elementor-column elementor-col-100 elementor-inner-column elementor-element elementor-element-ff6c76c\" data-id=\"ff6c76c\" data-element_type=\"column\">\n\t\t\t<div class=\"elementor-widget-wrap elementor-element-populated\">\n\t\t\t\t\t\t<div class=\"elementor-element elementor-element-fb6c621 elementor-widget elementor-widget-text-editor\" data-id=\"fb6c621\" data-element_type=\"widget\" data-widget_type=\"text-editor.default\">\n\t\t\t\t<div class=\"elementor-widget-container\">\n\t\t\t\t\t\t\t<div class=\"col-md-8 order-md-2 subpage-text\"><div class=\"col-md-8 order-md-2 subpage-text\"><div class=\"col-md-8 order-md-2 subpage-text\"><div class=\"col-md-8 order-md-2 subpage-text\"><p>La dermatite non \u00e8 contagiosa, ma pu\u00f2 causare molto disagio.<\/p><\/div><\/div><\/div><\/div>\t\t\t\t\t\t<\/div>\n\t\t\t\t<\/div>\n\t\t\t\t\t<\/div>\n\t\t<\/div>\n\t\t\t\t\t<\/div>\n\t\t<\/section>\n\t\t\t\t<div class=\"elementor-element elementor-element-4253af3 elementor-widget elementor-widget-heading\" data-id=\"4253af3\" data-element_type=\"widget\" data-widget_type=\"heading.default\">\n\t\t\t\t<div class=\"elementor-widget-container\">\n\t\t\t<h2 class=\"elementor-heading-title elementor-size-default\">COME AGIRE IN CASO DI DERMATITE? <\/h2>\t\t<\/div>\n\t\t\t\t<\/div>\n\t\t\t\t<section class=\"has_eae_slider elementor-section elementor-inner-section elementor-element elementor-element-c73f15d elementor-section-boxed elementor-section-height-default elementor-section-height-default\" data-id=\"c73f15d\" data-element_type=\"section\">\n\t\t\t\t\t\t<div class=\"elementor-container elementor-column-gap-default\">\n\t\t\t\t\t<div class=\"has_eae_slider elementor-column elementor-col-100 elementor-inner-column elementor-element elementor-element-1d72cd6\" data-id=\"1d72cd6\" data-element_type=\"column\">\n\t\t\t<div class=\"elementor-widget-wrap elementor-element-populated\">\n\t\t\t\t\t\t<div class=\"elementor-element elementor-element-8aa1c2a elementor-widget elementor-widget-text-editor\" data-id=\"8aa1c2a\" data-element_type=\"widget\" data-widget_type=\"text-editor.default\">\n\t\t\t\t<div class=\"elementor-widget-container\">\n\t\t\t\t\t\t\t<div class=\"col-md-8 order-md-2 subpage-text\"><div class=\"col-md-8 order-md-2 subpage-text\"><div class=\"col-md-8 order-md-2 subpage-text\"><div class=\"col-md-8 order-md-2 subpage-text\"><div class=\"col-md-8 order-md-2 subpage-text\"><p>Per prima cosa bisogna eliminare i fattori che stimolano la formazione della dermatite. Escludendo gli elementi allergenici o irritanti dall\u2019alimentazione, dall\u2019ambiente o dai prodotti detergenti e prestando sufficiente attenzione al sonno e a uno stile di vita sano, possiamo ricorrere all\u2019uso di prodotti per il corpo mirati.<\/p><p>In caso di dermatite \u00e8 importante fare in modo di aumentare la fase oleosa che \u00e8 essenziale per la protezione e l\u2019elasticit\u00e0 della superficie della pelle, nonch\u00e9 per la sua idratazione. Una pelle idratata ed elastica facilita la rigenerazione della superficie affetta.<\/p><p>Ci sono diversi prodotti efficaci:<\/p><ul><li>per l\u2019i<strong>dratazione <\/strong>della pelle con <strong>acido ialuronico<\/strong>, <strong>pantenolo<\/strong>, <strong>aloe vera<\/strong> e dal 3% al 10% di <strong>urea<\/strong>;<\/li><li>per una pelle <strong>pi\u00f9 morbida<\/strong> e la formazione di uno <strong>strato protettivo<\/strong> sulla superficie della pelle con estratti di oli vegetali \u2013 <strong>olio di oliva<\/strong>, <strong>olio di<\/strong> <strong>argan<\/strong>, <strong>olio di enotera<\/strong>, <strong>olio di canapa<\/strong>; estratti di burro \u2013 <strong>burro di cacao<\/strong>, <strong>burro di karit\u00e9<\/strong>, <strong>butto vegetale<\/strong>; <strong>cera d\u2019api<\/strong>; <strong>vaselina<\/strong>; <strong>lanolina<\/strong> ecc.<\/li><li><strong>con l\u2019argento colloidale che ha un\u2019azione antinfiammatoria e antimicrobica;<\/strong><\/li><li>con estratti di particolari tipi di avena;<\/li><li>estratti vegetali con propriet\u00e0 antinfiammatorie, come le hanno ad esempio la <strong>camomilla<\/strong> e la <strong>calendula<\/strong>;<\/li><\/ul><p>Se nonostante tutto sarete costretti a consultare il medico, per alleviare l\u2019infiammazione ed il prurito vi saranno prescritti <strong>medicinali antinfiammatori (corticosteroidi)<\/strong> quali creme o pomate, o <strong>medicinali antiallergenici (antistaminici)<\/strong> in forma di pastiglie o sciroppo. I corticosteroidi locali non curano la patologia, ma possono temporaneamente migliorare lo stato della pelle.<\/p><p>Hanno invece molta efficacia i prodotti con l\u2019<strong>acido ialuronico<\/strong>, che \u00e8 in grado di legare a s\u00e9 una quantit\u00e0 di acqua fino a mille volte superiore alla sua massa molecolare, idratando notevolmente la pelle. I prodotti con estratti di <strong>aloe vera<\/strong> sono altrettanto validi per mantenere la pelle idratata e per aumentarne l\u2019elasticit\u00e0. Ha inoltre propriet\u00e0 lenitive ed \u00e8 efficace nel rinfrescare e cicatrizzare le lesioni dell\u2019epidermide. Sono altres\u00ec consigliati prodotti che permettano l\u2019<strong>ossigenazione<\/strong> sufficiente della pelle, come ad esempio i prodotti con <strong>composti di ossigeno attivo<\/strong>, il che ne <strong>accelera la rigenerazione<\/strong>.<\/p><p>La scelta migliore pertanto sono prodotti che <strong>idratano la pelle<\/strong>, la <strong>purificano<\/strong>, la <strong>ossigenano<\/strong> e la <strong>rigenerano<\/strong>.<\/p><\/div><\/div><\/div><\/div><\/div>\t\t\t\t\t\t<\/div>\n\t\t\t\t<\/div>\n\t\t\t\t<div class=\"elementor-element elementor-element-43e30a6 elementor-widget elementor-widget-image\" data-id=\"43e30a6\" data-element_type=\"widget\" data-widget_type=\"image.default\">\n\t\t\t\t<div class=\"elementor-widget-container\">\n\t\t\t\t\t\t\t\t\t\t\t\t\t<img decoding=\"async\" width=\"693\" height=\"280\" src=\"https:\/\/enikam.com\/it\/wp-content\/uploads\/sites\/3\/2021\/08\/zdrava-prehrana-in-dermatitis.jpg\" class=\"attachment-large size-large wp-image-5060\" alt=\"\" srcset=\"https:\/\/enikam.com\/it\/wp-content\/uploads\/sites\/3\/2021\/08\/zdrava-prehrana-in-dermatitis.jpg 693w, https:\/\/enikam.com\/it\/wp-content\/uploads\/sites\/3\/2021\/08\/zdrava-prehrana-in-dermatitis-300x121.jpg 300w, https:\/\/enikam.com\/it\/wp-content\/uploads\/sites\/3\/2021\/08\/zdrava-prehrana-in-dermatitis-24x10.jpg 24w, https:\/\/enikam.com\/it\/wp-content\/uploads\/sites\/3\/2021\/08\/zdrava-prehrana-in-dermatitis-36x15.jpg 36w, https:\/\/enikam.com\/it\/wp-content\/uploads\/sites\/3\/2021\/08\/zdrava-prehrana-in-dermatitis-48x19.jpg 48w, https:\/\/enikam.com\/it\/wp-content\/uploads\/sites\/3\/2021\/08\/zdrava-prehrana-in-dermatitis-600x242.jpg 600w\" sizes=\"(max-width: 693px) 100vw, 693px\" \/>\t\t\t\t\t\t\t\t\t\t\t\t\t<\/div>\n\t\t\t\t<\/div>\n\t\t\t\t<div class=\"elementor-element elementor-element-e4fdf0e elementor-widget elementor-widget-text-editor\" data-id=\"e4fdf0e\" data-element_type=\"widget\" data-widget_type=\"text-editor.default\">\n\t\t\t\t<div class=\"elementor-widget-container\">\n\t\t\t\t\t\t\t<p><b>ENIKAM CONSIGLIA:<br \/><\/b><a href=\"https:\/\/enikam.com\/it\/prodotto\/oxilver-skin-spray-per-la-pelle\/\"><u><b>OXILVER<sup>\u00ae<\/sup> Skin spray<\/b><\/u><\/a><\/p><p>Composti di ossigeno attivo in combinazione con argento colloidale, acido ialuronico ed aloe vera sono ideali per l\u2019idratazione della pelle e per alleviarne la secchezza, la cheratinizzazione ed il prurito. La <b>soluzione e il gel<\/b> facilitano la rigenerazione e l\u2019ossigenazione della pelle, hanno effetto leggermente antisettico e mantengono l\u2019area trattata pulita. L\u2019acido ialuronico e l\u2019aloe vera contribuiscono all\u2019idratazione intensa, all\u2019elasticit\u00e0 e alla levigatezza della pelle.<\/p><p><b>Modalit\u00e0 d\u2019uso<\/b>:<br \/>2-3 volte al giorno. La <strong>soluzione OXILVER\u00ae Skin<\/strong> in spray viene utilizzata soprattutto su aree cutanee pi\u00f9 estese (corpo, gomiti, talloni, ginocchia), mentre OXILVER<sup>\u00ae<\/sup> Skin Gel viene utilizzato su aree cutanee pi\u00f9 piccole o puntiformi (viso, cuoio capelluto&#8230;). Entrambi OXILVER\u00ae Skin Solution e Gel possono essere utilizzati dove \u00e8 richiesto un ammorbidimento cutaneo pi\u00f9 intenso. \u00c8 essenziale una cura della pelle con emulsione leggera, oli vegetali o altri prodotti che forniscano un&#8217;adeguata protezione ed elasticit\u00e0.<\/p>\t\t\t\t\t\t<\/div>\n\t\t\t\t<\/div>\n\t\t\t\t\t<\/div>\n\t\t<\/div>\n\t\t\t\t\t<\/div>\n\t\t<\/section>\n\t\t\t\t\t<\/div>\n\t\t<\/div>\n\t\t\t\t<div class=\"has_eae_slider jet-sticky-column-sticky elementor-column elementor-col-33 elementor-top-column elementor-element elementor-element-4fc147c\" data-jet-sticky-column-settings=\"{&quot;id&quot;:&quot;4fc147c&quot;,&quot;sticky&quot;:true,&quot;topSpacing&quot;:50,&quot;bottomSpacing&quot;:50,&quot;stickyOn&quot;:[&quot;desktop&quot;,&quot;tablet&quot;]}\" data-id=\"4fc147c\" data-element_type=\"column\">\n\t\t\t<div class=\"elementor-widget-wrap elementor-element-populated\">\n\t\t\t\t\t\t<div class=\"elementor-element elementor-element-dd2838e elementor-widget elementor-widget-heading\" data-id=\"dd2838e\" data-element_type=\"widget\" data-widget_type=\"heading.default\">\n\t\t\t\t<div class=\"elementor-widget-container\">\n\t\t\t<h2 class=\"elementor-heading-title elementor-size-default\">NOI RACCOMANDIAMO:<\/h2>\t\t<\/div>\n\t\t\t\t<\/div>\n\t\t\t\t<div class=\"elementor-element elementor-element-4145bfa elementor-widget elementor-widget-text-editor\" data-id=\"4145bfa\" data-element_type=\"widget\" data-widget_type=\"text-editor.default\">\n\t\t\t\t<div class=\"elementor-widget-container\">\n\t\t\t\t\t\t\t<p><div class=\"woocommerce columns-1 \">\r\n<ul class=\"products oceanwp-row clr grid\">\r\n<li class=\"entry has-media has-rating has-product-nav col span_1_of_1 owp-content-center owp-thumbs-layout-horizontal owp-btn-normal owp-tabs-layout-horizontal product type-product post-4217 status-publish first instock product_cat-negozio product_cat-offerta-speciale product_cat-oxilver product_cat-oxilver-prima-pagina product_cat-posamezen product_cat-prodotti-per-la-cura-della-pelle has-post-thumbnail shipping-taxable purchasable product-type-simple\">\n\t<div class=\"product-inner clr\">\n\t<div class=\"woo-entry-image clr\">\n\t\t<a href=\"https:\/\/enikam.com\/it\/prodotto\/oxilver-skin-spray-per-la-pelle\/\" class=\"woocommerce-LoopProduct-link\"><img loading=\"lazy\" decoding=\"async\" width=\"300\" height=\"300\" src=\"https:\/\/enikam.com\/it\/wp-content\/uploads\/sites\/3\/2021\/08\/1.-OXILIVER_skin_solution-300x300.jpg\" class=\"woo-entry-image-main\" alt=\"OXILVER\u00ae Skin spray per la pelle\" itemprop=\"image\" srcset=\"https:\/\/enikam.com\/it\/wp-content\/uploads\/sites\/3\/2021\/08\/1.-OXILIVER_skin_solution-300x300.jpg 300w, https:\/\/enikam.com\/it\/wp-content\/uploads\/sites\/3\/2021\/08\/1.-OXILIVER_skin_solution-150x150.jpg 150w, https:\/\/enikam.com\/it\/wp-content\/uploads\/sites\/3\/2021\/08\/1.-OXILIVER_skin_solution-24x24.jpg 24w, https:\/\/enikam.com\/it\/wp-content\/uploads\/sites\/3\/2021\/08\/1.-OXILIVER_skin_solution-36x36.jpg 36w, https:\/\/enikam.com\/it\/wp-content\/uploads\/sites\/3\/2021\/08\/1.-OXILIVER_skin_solution-48x48.jpg 48w, https:\/\/enikam.com\/it\/wp-content\/uploads\/sites\/3\/2021\/08\/1.-OXILIVER_skin_solution-100x100.jpg 100w, https:\/\/enikam.com\/it\/wp-content\/uploads\/sites\/3\/2021\/08\/1.-OXILIVER_skin_solution.jpg 450w\" sizes=\"(max-width: 300px) 100vw, 300px\" \/><\/a><a href=\"#\" id=\"product_id_4217\" class=\"owp-quick-view\" data-product_id=\"4217\" aria-label=\"Anteprima rapida del prodotto OXILVER\u00ae Skin spray per la pelle\"><i class=\" icon-eye\" aria-hidden=\"true\" role=\"img\"><\/i> Quick View<\/a>\t<\/div><!-- .woo-entry-image -->\n\n\t<span class=\"gtm4wp_productdata\" style=\"display:none; visibility:hidden;\" data-gtm4wp_product_data=\"{&quot;internal_id&quot;:4217,&quot;item_id&quot;:4217,&quot;item_name&quot;:&quot;OXILVER\\u00ae Skin spray per la pelle&quot;,&quot;sku&quot;:&quot;SS-DE\\\/ANG&quot;,&quot;price&quot;:38.7000000000000028421709430404007434844970703125,&quot;stocklevel&quot;:null,&quot;stockstatus&quot;:&quot;instock&quot;,&quot;google_business_vertical&quot;:&quot;retail&quot;,&quot;item_category&quot;:&quot;Posamezen&quot;,&quot;id&quot;:4217,&quot;productlink&quot;:&quot;https:\\\/\\\/enikam.com\\\/it\\\/prodotto\\\/oxilver-skin-spray-per-la-pelle\\\/&quot;,&quot;item_list_name&quot;:&quot;General Product List&quot;,&quot;index&quot;:1,&quot;product_type&quot;:&quot;simple&quot;,&quot;item_brand&quot;:&quot;&quot;}\"><\/span><ul class=\"woo-entry-inner clr\"><li class=\"image-wrap\">\n\t<div class=\"woo-entry-image clr\">\n\t\t<a href=\"https:\/\/enikam.com\/it\/prodotto\/oxilver-skin-spray-per-la-pelle\/\" class=\"woocommerce-LoopProduct-link\"><img loading=\"lazy\" decoding=\"async\" width=\"300\" height=\"300\" src=\"https:\/\/enikam.com\/it\/wp-content\/uploads\/sites\/3\/2021\/08\/1.-OXILIVER_skin_solution-300x300.jpg\" class=\"woo-entry-image-main\" alt=\"OXILVER\u00ae Skin spray per la pelle\" itemprop=\"image\" srcset=\"https:\/\/enikam.com\/it\/wp-content\/uploads\/sites\/3\/2021\/08\/1.-OXILIVER_skin_solution-300x300.jpg 300w, https:\/\/enikam.com\/it\/wp-content\/uploads\/sites\/3\/2021\/08\/1.-OXILIVER_skin_solution-150x150.jpg 150w, https:\/\/enikam.com\/it\/wp-content\/uploads\/sites\/3\/2021\/08\/1.-OXILIVER_skin_solution-24x24.jpg 24w, https:\/\/enikam.com\/it\/wp-content\/uploads\/sites\/3\/2021\/08\/1.-OXILIVER_skin_solution-36x36.jpg 36w, https:\/\/enikam.com\/it\/wp-content\/uploads\/sites\/3\/2021\/08\/1.-OXILIVER_skin_solution-48x48.jpg 48w, https:\/\/enikam.com\/it\/wp-content\/uploads\/sites\/3\/2021\/08\/1.-OXILIVER_skin_solution-100x100.jpg 100w, https:\/\/enikam.com\/it\/wp-content\/uploads\/sites\/3\/2021\/08\/1.-OXILIVER_skin_solution.jpg 450w\" sizes=\"(max-width: 300px) 100vw, 300px\" \/><\/a><a href=\"#\" id=\"product_id_4217\" class=\"owp-quick-view\" data-product_id=\"4217\" aria-label=\"Anteprima rapida del prodotto OXILVER\u00ae Skin spray per la pelle\"><i class=\" icon-eye\" aria-hidden=\"true\" role=\"img\"><\/i> Quick View<\/a>\t<\/div><!-- .woo-entry-image -->\n\n\t<\/li><li class=\"category\"><a href=\"https:\/\/enikam.com\/it\/categoria-prodotto\/negozio\/\" rel=\"tag\">Negozio<\/a>, <a href=\"https:\/\/enikam.com\/it\/categoria-prodotto\/offerta-speciale\/\" rel=\"tag\">Offerta speciale<\/a>, <a href=\"https:\/\/enikam.com\/it\/categoria-prodotto\/oxilver\/\" rel=\"tag\">Oxilver<\/a>, <a href=\"https:\/\/enikam.com\/it\/categoria-prodotto\/oxilver-prima-pagina\/\" rel=\"tag\">Oxilver &#8211; prima pagina<\/a>, <a href=\"https:\/\/enikam.com\/it\/categoria-prodotto\/posamezen\/\" rel=\"tag\">Posamezen<\/a>, <a href=\"https:\/\/enikam.com\/it\/categoria-prodotto\/prodotti-per-la-cura-della-pelle\/\" rel=\"tag\">Prodotti per la cura della pelle<\/a><\/li><li class=\"title\"><h2><a href=\"https:\/\/enikam.com\/it\/prodotto\/oxilver-skin-spray-per-la-pelle\/\">OXILVER\u00ae Skin spray per la pelle<\/a><\/h2> <div class=\"product_excerpt\"> Spray emolliente e detergente per il trattamento della pelle.     <\/div><\/li><li class=\"price-wrap\">\n\t<span class=\"price\"><span class=\"woocommerce-Price-amount amount\"><bdi>38.70<span class=\"woocommerce-Price-currencySymbol\">&euro;<\/span><\/bdi><\/span><\/span>\n<\/li><li class=\"rating\"><div class=\"star-rating\" role=\"img\" aria-label=\"Valutato 4.67 su 5\"><span style=\"width:93.4%\">Valutato <strong class=\"rating\">4.67<\/strong> su 5<\/span><\/div><\/li><li class=\"btn-wrap clr\"><a href=\"?add-to-cart=4217\" aria-describedby=\"woocommerce_loop_add_to_cart_link_describedby_4217\" data-quantity=\"1\" class=\"button product_type_simple add_to_cart_button ajax_add_to_cart\" data-product_id=\"4217\" data-product_sku=\"SS-DE\/ANG\" aria-label=\"Aggiungi al carrello: &quot;OXILVER\u00ae Skin spray per la pelle&quot;\" rel=\"nofollow\" data-success_message=\"&quot;OXILVER\u00ae Skin spray per la pelle&quot; \u00e8 stato aggiunto al tuo carrello.\">Aggiungi al carrello<\/a>\t<span id=\"woocommerce_loop_add_to_cart_link_describedby_4217\" class=\"screen-reader-text\">\n\t\t\t<\/span>\n<\/li><\/ul><\/div><!-- .product-inner .clr --><\/li>\n<\/ul>\n<\/div><\/p>\t\t\t\t\t\t<\/div>\n\t\t\t\t<\/div>\n\t\t\t\t\t<\/div>\n\t\t<\/div>\n\t\t\t\t\t<\/div>\n\t\t<\/section>\n\t\t\t\t<\/div>\n\t\t","protected":false},"excerpt":{"rendered":"<p>PROBLEMI DELLA PELLE Acne Abrasioni, graffi Eczema&nbsp; Dermatite Ragadi o fessure Verruche Psoriasi Herpes labiale Punture di insetti Pelle irritata Orticaria Calli e occhi di pernice DERMATITE CHE COS\u2019\u00c8 LA DERMATITE? La dermatite \u00e8 un termine generico che si riferisce all\u2019infiammazione della pelle. Pu\u00f2 avere cause e forme diverse. Tendenzialmente \u00e8 accompagnata da pelle secca, [&hellip;]<\/p>\n","protected":false},"author":1,"featured_media":0,"comment_status":"closed","ping_status":"open","sticky":false,"template":"","format":"standard","meta":{"footnotes":""},"categories":[17],"tags":[],"class_list":["post-1394","post","type-post","status-publish","format-standard","hentry","category-problemi-della-pelle","entry","owp-thumbs-layout-horizontal","owp-btn-normal","owp-tabs-layout-horizontal","has-no-thumbnails","has-product-nav"],"_links":{"self":[{"href":"https:\/\/enikam.com\/it\/wp-json\/wp\/v2\/posts\/1394","targetHints":{"allow":["GET"]}}],"collection":[{"href":"https:\/\/enikam.com\/it\/wp-json\/wp\/v2\/posts"}],"about":[{"href":"https:\/\/enikam.com\/it\/wp-json\/wp\/v2\/types\/post"}],"author":[{"embeddable":true,"href":"https:\/\/enikam.com\/it\/wp-json\/wp\/v2\/users\/1"}],"replies":[{"embeddable":true,"href":"https:\/\/enikam.com\/it\/wp-json\/wp\/v2\/comments?post=1394"}],"version-history":[{"count":12,"href":"https:\/\/enikam.com\/it\/wp-json\/wp\/v2\/posts\/1394\/revisions"}],"predecessor-version":[{"id":11180,"href":"https:\/\/enikam.com\/it\/wp-json\/wp\/v2\/posts\/1394\/revisions\/11180"}],"wp:attachment":[{"href":"https:\/\/enikam.com\/it\/wp-json\/wp\/v2\/media?parent=1394"}],"wp:term":[{"taxonomy":"category","embeddable":true,"href":"https:\/\/enikam.com\/it\/wp-json\/wp\/v2\/categories?post=1394"},{"taxonomy":"post_tag","embeddable":true,"href":"https:\/\/enikam.com\/it\/wp-json\/wp\/v2\/tags?post=1394"}],"curies":[{"name":"wp","href":"https:\/\/api.w.org\/{rel}","templated":true}]}}